[{"@context":"https:\/\/schema.org\/","@type":"Article","@id":"https:\/\/www.elkrom.cz\/severni-perla-polska\/#Article","mainEntityOfPage":"https:\/\/www.elkrom.cz\/severni-perla-polska\/","headline":"Severn\u00ed perla Polska","name":"Severn\u00ed perla Polska","description":"Gda\u0148sk, m\u011bsto na severu Polska opl\u00fdvaj\u00edc\u00ed kr\u00e1sou, vodn\u00edmi kan\u00e1ly, p\u0159\u00edstupem k&nbsp;mo\u0159i ale i bohatou histori\u00ed. Pro na\u0161ince m\u016f\u017ee b\u00fdt atraktivn\u00ed pr\u00e1v\u011b proto, \u017ee nen\u00ed \u00fapln\u011b tak prova\u0159en\u00e9, jako m\u011bsta ze z\u00e1padn\u00edch zem\u00ed. Tak\u00e9 m\u016f\u017ee b\u00fdt&hellip; ","datePublished":"2020-01-15","dateModified":"2023-06-06","author":{"@type":"Person","@id":"https:\/\/www.elkrom.cz\/author\/#Person","name":"","url":"https:\/\/www.elkrom.cz\/author\/","identifier":1,"image":{"@type":"ImageObject","@id":"https:\/\/secure.gravatar.com\/avatar\/82449f5dd313bdc88befc1a2d3138ce45c5e7d5eeee84221e3cf7fbc184b80d3?s=96&d=mm&r=g","url":"https:\/\/secure.gravatar.com\/avatar\/82449f5dd313bdc88befc1a2d3138ce45c5e7d5eeee84221e3cf7fbc184b80d3?s=96&d=mm&r=g","height":96,"width":96}},"publisher":{"@type":"Organization","name":"elkrom.cz","logo":{"@type":"ImageObject","@id":"\/logo.png","url":"\/logo.png","width":600,"height":60}},"image":{"@type":"ImageObject","@id":"https:\/\/www.elkrom.cz\/wp-content\/uploads\/img_a367654_w3542_t1580138817.jpg","url":"https:\/\/www.elkrom.cz\/wp-content\/uploads\/img_a367654_w3542_t1580138817.jpg","height":0,"width":0},"url":"https:\/\/www.elkrom.cz\/severni-perla-polska\/","about":["Dovolen\u00e1\r"],"wordCount":468,"articleBody":"Gda\u0148sk, m\u011bsto na severu Polska opl\u00fdvaj\u00edc\u00ed kr\u00e1sou, vodn\u00edmi kan\u00e1ly, p\u0159\u00edstupem k&nbsp;mo\u0159i ale i bohatou histori\u00ed. Pro na\u0161ince m\u016f\u017ee b\u00fdt atraktivn\u00ed pr\u00e1v\u011b proto, \u017ee nen\u00ed \u00fapln\u011b tak prova\u0159en\u00e9, jako m\u011bsta ze z\u00e1padn\u00edch zem\u00ed. Tak\u00e9 m\u016f\u017ee b\u00fdt v\u00fdhodou to, \u017ee ceny v&nbsp;Polsku jsou srovnateln\u00e9 s&nbsp;t\u011bmi na\u0161imi, tak\u017ee v\u00e1s v\u00fdlet nevyjde draho. Obrovsk\u00fd z\u00e1\u017eitek za to ur\u010dit\u011b stoj\u00ed. Na sv\u00e9 si zde p\u0159ijdou milovn\u00edci dobr\u00e9ho j\u00eddla, architektury, ale nap\u0159\u00edklad i ti kdo\u017e holduj\u00ed druh\u00e9 sv\u011btov\u00e9 v\u00e1lce.&middot;&nbsp;&nbsp;&nbsp;&nbsp;&nbsp;&nbsp;&nbsp; DopravaTa v\u00e1s nemus\u00ed vyj\u00edt draho. Vlakem se sta\u010d\u00ed dostat do Bohum\u00edna a z&nbsp;n\u011bj jezd\u00ed p\u0159\u00edm\u00e9 no\u010dn\u00ed vlaku a\u017e do Gda\u0148sku. Nebo, pokud v\u00e1m nevad\u00ed no\u010dn\u00ed j\u00edzdy autobusem, m\u016f\u017eete vyu\u017e\u00edt autobusov\u00e9 dopravce jako Flixbus. P\u0159es noc se doprav\u00edte do Gda\u0148sku a zaplat\u00edte okolo 700 korun. Pokud ov\u0161em pojedete autem p\u0159ipravte se na zhruba n\u011bjak\u00fdch 750 km a podle toho po\u010d\u00edtejte s&nbsp;\u00fatratou.&middot;&nbsp;&nbsp;&nbsp;&nbsp;&nbsp;&nbsp;&nbsp; Co nav\u0161t\u00edvitZa zm\u00ednku ur\u010dit\u011b stoj\u00ed muzea. A\u0165 u\u017e muzeum n\u00e1mo\u0159nictv\u00ed nebo druh\u00e9 sv\u011btov\u00e9 v\u00e1lky, dozv\u00edte se hodn\u011b zaj\u00edmav\u00fdch informac\u00ed. Gda\u0148sk hr\u00e1l toti\u017e d\u016fle\u017eitou roli po \u010das v\u00e1le\u010dn\u00e9 okupace. Stejn\u011b tak byl historicky d\u016fle\u017eit\u00fdm m\u011bstem z&nbsp;hlediska n\u00e1mo\u0159nictv\u00ed. S&nbsp;t\u00edm se poj\u00ed i dal\u0161\u00ed v\u011bc, co byste rozhodn\u011b nem\u011bli minout, a to n\u00e1dhern\u00e1 architektura m\u00edstn\u00edch dom\u016f. Gda\u0148sk byl toti\u017e sou\u010d\u00e1st\u00ed obchodn\u00ed spole\u010dnosti Hanza, to se prom\u00edtlo na m\u00edstn\u00edch stavb\u00e1ch. Tak\u017ee pokud v\u00e1m fotky p\u0159ipadaj\u00ed jako t\u0159eba z&nbsp;Nizozemska nebo z&nbsp;N\u011bmecka, nen\u00ed to n\u00e1hoda. Vid\u011bt byste ur\u010dit\u011b je\u0161t\u011b m\u011bli t\u0159eba D\u0142ugi Targ, co\u017e je podlouhl\u00e9 n\u00e1m\u011bst\u00ed s&nbsp;obchody a restauracemi nebo Gda\u0148skou radnici.&middot;&nbsp;&nbsp;&nbsp;&nbsp;&nbsp;&nbsp;&nbsp; Co ochutnatPolsk\u00e1 kuchyn\u011b se v&nbsp;mnoh\u00e9m shoduje s&nbsp;v\u00fdchodoevropskou kuchyn\u00ed. Proto m\u016f\u017eete ochutnat nap\u0159\u00edklad bor\u0161\u010d, bigos, \u017eurek, pyro\u017eky nebo r\u016fzn\u00e9 klob\u00e1sy. Jeliko\u017e je Gda\u0148sk ale p\u0159\u00edstavn\u00ed m\u011bsto, za ochutn\u00e1vku budou st\u00e1t i m\u00edstn\u00ed, \u010derstv\u011b naloven\u00e9 ryby a mo\u0159sk\u00e9 plody.Pokud budete m\u00edt v\u00edce \u010dasu, ur\u010dit\u011b se zaje\u010fte pod\u00edvat i do p\u0159ilehl\u00fdch m\u011bst Gdyn\u011b a Sopoty nebo vyrazte na nedalek\u00fd poloostrov Hel.                                                                                                                                                                                                                                                                                                                                                                                        4.1\/5 - (8 votes)        "},{"@context":"https:\/\/schema.org\/","@type":"BreadcrumbList","itemListElement":[{"@type":"ListItem","position":1,"name":"Severn\u00ed perla Polska","item":"https:\/\/www.elkrom.cz\/severni-perla-polska\/#breadcrumbitem"}]}]